{"id":630,"date":"2024-05-30T16:51:55","date_gmt":"2024-05-30T14:51:55","guid":{"rendered":"https:\/\/wimobi.fr\/?p=630"},"modified":"2024-05-30T16:57:30","modified_gmt":"2024-05-30T14:57:30","slug":"mobilite-2050-comment-les-francais-se-projettent-ils","status":"publish","type":"post","link":"https:\/\/wimobi.fr\/index.php\/2024\/05\/30\/mobilite-2050-comment-les-francais-se-projettent-ils\/","title":{"rendered":"Mobilit\u00e9 2050\u00a0: comment les fran\u00e7ais se projettent-ils\u00a0?"},"content":{"rendered":"\n<p>La Fabrique de la Cit\u00e9, pr\u00e9sente les r\u00e9sultats d\u2019une \u00e9tude sur la mobilit\u00e9 r\u00e9alis\u00e9e en partenariat avec <a href=\"https:\/\/lobsoco.com\/\" data-type=\"link\" data-id=\"https:\/\/lobsoco.com\/\" target=\"_blank\" rel=\"noreferrer noopener\">L\u2019ObSoCo <\/a>(l\u2019Observatoire Soci\u00e9t\u00e9 et Communication).<\/p>\n\n\n\n<p>Ce rapport, tr\u00e8s riche et d\u00e9taill\u00e9, disponible sur le site de la Fabrique de la Cit\u00e9, dresse le panorama des comportements de mobilit\u00e9 actuels et des aspirations des fran\u00e7ais pour une mobilit\u00e9 en 2050.<\/p>\n\n\n\n<p>3 principaux sc\u00e9nario se d\u00e9gagent :<\/p>\n\n\n\n<ul class=\"wp-block-list\">\n<li>Le sc\u00e9nario privil\u00e9gi\u00e9 des Fran\u00e7ais est celui de la mutualisation qui porte en lui la promesse de lisser les in\u00e9galit\u00e9s financi\u00e8res et territoriales.<\/li>\n\n\n\n<li>Vient ensuite le sc\u00e9nario sobri\u00e9t\u00e9 qui n\u2019est pas tant une aspiration \u00e0 moins de mobilit\u00e9 en soi qu\u2019une aspiration \u00e0 des modes de vie urbains apais\u00e9s valorisant la proximit\u00e9.<\/li>\n\n\n\n<li>Enfin, le sc\u00e9nario le moins pris\u00e9 est celui le plus en ad\u00e9quation avec la modernit\u00e9 et un progr\u00e8s articul\u00e9 autour du d\u00e9veloppement pouss\u00e9 de la science et de la technologie. C\u2019est pourtant celui qui appara\u00eet le plus probable aux yeux des Fran\u00e7ais.<\/li>\n<\/ul>\n\n\n\n<p>Consulter le rapport de l\u2019\u00e9tude sur le site de La Fabrique des Cit\u00e9s : <a href=\"https:\/\/www.lafabriquedelacite.com\/publications\/mobilites-2050-comment-les-francais-se-projettent-ils\/\" target=\"_blank\" rel=\"noreferrer noopener\">Mobilit\u00e9s 2050 : comment les Fran\u00e7ais se projettent-ils ? (lafabriquedelacite.com)<\/a><\/p>\n","protected":false},"excerpt":{"rendered":"<p>La Fabrique de la Cit\u00e9, pr\u00e9sente les r\u00e9sultats d\u2019une \u00e9tude sur la mobilit\u00e9 r\u00e9alis\u00e9e en &hellip; <\/p>\n","protected":false},"author":1,"featured_media":631,"comment_status":"closed","ping_status":"open","sticky":true,"template":"","format":"standard","meta":{"footnotes":""},"categories":[5],"tags":[],"class_list":["post-630","post","type-post","status-publish","format-standard","has-post-thumbnail","hentry","category-se-deplacer","latest_post"],"_links":{"self":[{"href":"https:\/\/wimobi.fr\/index.php\/wp-json\/wp\/v2\/posts\/630","targetHints":{"allow":["GET"]}}],"collection":[{"href":"https:\/\/wimobi.fr\/index.php\/wp-json\/wp\/v2\/posts"}],"about":[{"href":"https:\/\/wimobi.fr\/index.php\/wp-json\/wp\/v2\/types\/post"}],"author":[{"embeddable":true,"href":"https:\/\/wimobi.fr\/index.php\/wp-json\/wp\/v2\/users\/1"}],"replies":[{"embeddable":true,"href":"https:\/\/wimobi.fr\/index.php\/wp-json\/wp\/v2\/comments?post=630"}],"version-history":[{"count":3,"href":"https:\/\/wimobi.fr\/index.php\/wp-json\/wp\/v2\/posts\/630\/revisions"}],"predecessor-version":[{"id":635,"href":"https:\/\/wimobi.fr\/index.php\/wp-json\/wp\/v2\/posts\/630\/revisions\/635"}],"wp:featuredmedia":[{"embeddable":true,"href":"https:\/\/wimobi.fr\/index.php\/wp-json\/wp\/v2\/media\/631"}],"wp:attachment":[{"href":"https:\/\/wimobi.fr\/index.php\/wp-json\/wp\/v2\/media?parent=630"}],"wp:term":[{"taxonomy":"category","embeddable":true,"href":"https:\/\/wimobi.fr\/index.php\/wp-json\/wp\/v2\/categories?post=630"},{"taxonomy":"post_tag","embeddable":true,"href":"https:\/\/wimobi.fr\/index.php\/wp-json\/wp\/v2\/tags?post=630"}],"curies":[{"name":"wp","href":"https:\/\/api.w.org\/{rel}","templated":true}]}}